{"id":31466,"date":"2026-04-24T09:12:57","date_gmt":"2026-04-24T06:12:57","guid":{"rendered":"https:\/\/eltagelzahby.com\/?p=31466"},"modified":"2026-04-24T09:12:57","modified_gmt":"2026-04-24T06:12:57","slug":"les-complements-alimentaires-provoquent-ils-des-allergies","status":"publish","type":"post","link":"http:\/\/eltagelzahby.com\/ar\/les-complements-alimentaires-provoquent-ils-des-allergies\/","title":{"rendered":"Les compl\u00e9ments alimentaires provoquent-ils des allergies ?"},"content":{"rendered":"<p>Les compl\u00e9ments alimentaires sont devenus des alli\u00e9s pris\u00e9s de notre quotidien pour am\u00e9liorer notre sant\u00e9 et bien-\u00eatre. Cependant, leur utilisation peut susciter des interrogations, notamment concernant les r\u00e9actions allergiques qu&#8217;ils pourraient provoquer. Dans cet article, nous examinerons de plus pr\u00e8s les risques d&#8217;allergies associ\u00e9s aux compl\u00e9ments alimentaires et les pr\u00e9cautions \u00e0 prendre.<\/p>\n<p><a href=\"https:\/\/nevehaya.tik-tak.net\/2026\/04\/17\/les-complements-alimentaires-risque-dallergies-et-precautions-a-prendre\/\">https:\/\/nevehaya.tik-tak.net\/2026\/04\/17\/les-complements-alimentaires-risque-dallergies-et-precautions-a-prendre\/<\/a><\/p>\n<h2>1. Qu&#8217;est-ce qu&#8217;une allergie ?<\/h2>\n<p>Une allergie est une r\u00e9action excessive du syst\u00e8me immunitaire face \u00e0 une substance \u00e9trang\u00e8re, appel\u00e9e allerg\u00e8ne. Cette r\u00e9action peut se manifester par divers sympt\u00f4mes, notamment :<\/p>\n<ol>\n<li>\u00c9ruptions cutan\u00e9es<\/li>\n<li>G\u00eane respiratoire<\/li>\n<li>Probl\u00e8mes digestifs<\/li>\n<li>Chocs anaphylactiques dans les cas les plus s\u00e9v\u00e8res<\/li>\n<\/ol>\n<h2>2. Les allerg\u00e8nes pr\u00e9sents dans les compl\u00e9ments alimentaires<\/h2>\n<p>Les compl\u00e9ments alimentaires peuvent contenir divers ingr\u00e9dients d&#8217;origine naturelle ou synth\u00e9tique qui, dans certains cas, peuvent \u00eatre des allerg\u00e8nes. Parmi eux, on trouve :<\/p>\n<ol>\n<li>Proteines de soja<\/li>\n<li>Fruits \u00e0 coque (noix, amandes, etc.)<\/li>\n<li>Gluten<\/li>\n<li>Colorants ou conservateurs artificiels<\/li>\n<\/ol>\n<h2>3. Comment reconna\u00eetre une r\u00e9action allergique ?<\/h2>\n<p>Il est essentiel de savoir identifier les signes d&#8217;une r\u00e9action allergique aux compl\u00e9ments alimentaires. Les sympt\u00f4mes peuvent appara\u00eetre peu apr\u00e8s la consommation. Il est recommand\u00e9 de :<\/p>\n<ol>\n<li>Observer l&#8217;apparition de sympt\u00f4mes typiques comme des d\u00e9mangeaisons ou des rougeurs.<\/li>\n<li>Consulter un m\u00e9decin en cas de doute ou si des sympt\u00f4mes s\u00e9v\u00e8res apparaissent.<\/li>\n<li>Tenir un journal alimentaire pour suivre les r\u00e9actions aux diff\u00e9rents compl\u00e9ments pris.<\/li>\n<\/ol>\n<h2>4. Pr\u00e9cautions \u00e0 prendre<\/h2>\n<p>Pour minimiser les risques d&#8217;allergies, voici quelques pr\u00e9cautions \u00e0 prendre lors de la consommation de compl\u00e9ments alimentaires :<\/p>\n<ol>\n<li>Lire attentivement les \u00e9tiquettes des produits pour identifier les allerg\u00e8nes potentiels.<\/li>\n<li>Commencer par de faibles doses pour observer toute r\u00e9action avant d\u2019augmenter la consommation.<\/li>\n<li>Consulter un professionnel de sant\u00e9 avant d&#8217;introduire un nouveau compl\u00e9ment, surtout si vous avez des ant\u00e9c\u00e9dents d&#8217;allergies.<\/li>\n<\/ol>\n<p>En conclusion, bien que les compl\u00e9ments alimentaires puissent offrir des b\u00e9n\u00e9fices pour la sant\u00e9, il est crucial de rester vigilant face aux possibles r\u00e9actions allergiques. Une approche prudente et inform\u00e9e vous aidera \u00e0 profiter de ces produits sans risques pour votre sant\u00e9.<\/p>","protected":false},"excerpt":{"rendered":"<p>Les compl\u00e9ments alimentaires sont devenus des alli\u00e9s pris\u00e9s de notre quotidien pour am\u00e9liorer notre sant\u00e9 et bien-\u00eatre. Cependant, leur utilisation peut susciter des interrogations, notamment concernant les r\u00e9actions allergiques qu&#8217;ils pourraient provoquer. Dans cet article, nous examinerons de plus pr\u00e8s les risques d&#8217;allergies associ\u00e9s aux compl\u00e9ments alimentaires et les pr\u00e9cautions \u00e0 prendre. https:\/\/nevehaya.tik-tak.net\/2026\/04\/17\/les-complements-alimentaires-risque-dallergies-et-precautions-a-prendre\/ 1. Qu&#8217;est-ce [&hellip;]<\/p>","protected":false},"author":1,"featured_media":0,"comment_status":"closed","ping_status":"open","sticky":false,"template":"","format":"standard","meta":{"two_page_speed":[],"_jetpack_memberships_contains_paid_content":false,"footnotes":""},"categories":[1],"tags":[],"class_list":["post-31466","post","type-post","status-publish","format-standard","hentry","category-uncategorized"],"featured_image_src":{"landsacpe":false,"list":false,"medium":false,"full":false},"jetpack_featured_media_url":"","yoast_head":"<!-- This site is optimized with the Yoast SEO Premium plugin v15.5 - https:\/\/yoast.com\/wordpress\/plugins\/seo\/ -->\n<title>Les compl\u00e9ments alimentaires provoquent-ils des allergies ? - Golden Crown<\/title>\n<meta name=\"robots\" content=\"index, follow, max-snippet:-1, max-image-preview:large, max-video-preview:-1\" \/>\n<link rel=\"canonical\" href=\"http:\/\/eltagelzahby.com\/ar\/les-complements-alimentaires-provoquent-ils-des-allergies\/\" \/>\n<meta property=\"og:locale\" content=\"ar_AR\" \/>\n<meta property=\"og:type\" content=\"article\" \/>\n<meta property=\"og:title\" content=\"Les compl\u00e9ments alimentaires provoquent-ils des allergies ? - Golden Crown\" \/>\n<meta property=\"og:description\" content=\"Les compl\u00e9ments alimentaires sont devenus des alli\u00e9s pris\u00e9s de notre quotidien pour am\u00e9liorer notre sant\u00e9 et bien-\u00eatre. Cependant, leur utilisation peut susciter des interrogations, notamment concernant les r\u00e9actions allergiques qu&#8217;ils pourraient provoquer. Dans cet article, nous examinerons de plus pr\u00e8s les risques d&#8217;allergies associ\u00e9s aux compl\u00e9ments alimentaires et les pr\u00e9cautions \u00e0 prendre. https:\/\/nevehaya.tik-tak.net\/2026\/04\/17\/les-complements-alimentaires-risque-dallergies-et-precautions-a-prendre\/ 1. Qu&#8217;est-ce [&hellip;]\" \/>\n<meta property=\"og:url\" content=\"http:\/\/eltagelzahby.com\/ar\/les-complements-alimentaires-provoquent-ils-des-allergies\/\" \/>\n<meta property=\"og:site_name\" content=\"Golden Crown\" \/>\n<meta property=\"article:published_time\" content=\"2026-04-24T06:12:57+00:00\" \/>\n<meta name=\"twitter:card\" content=\"summary_large_image\" \/>\n<meta name=\"twitter:label1\" content=\"\u0648\u0642\u062a \u0627\u0644\u0642\u0631\u0627\u0621\u0629 \u0627\u0644\u0645\u064f\u0642\u062f\u0651\u0631\">\n\t<meta name=\"twitter:data1\" content=\"\u062f\u0642\u064a\u0642\u0629 \u0648\u0627\u062d\u062f\u0629\">\n<script type=\"application\/ld+json\" class=\"yoast-schema-graph\">{\"@context\":\"https:\/\/schema.org\",\"@graph\":[{\"@type\":\"Organization\",\"@id\":\"http:\/\/eltagelzahby.com\/ar\/#organization\",\"name\":\"eltagelzahby \/ golden crown\",\"url\":\"http:\/\/eltagelzahby.com\/ar\/\",\"sameAs\":[],\"logo\":{\"@type\":\"ImageObject\",\"@id\":\"http:\/\/eltagelzahby.com\/ar\/#logo\",\"inLanguage\":\"ar\",\"url\":\"https:\/\/eltagelzahby.com\/wp-content\/uploads\/2025\/02\/1665046153186.png\",\"width\":773,\"height\":1225,\"caption\":\"eltagelzahby \/ golden crown\"},\"image\":{\"@id\":\"http:\/\/eltagelzahby.com\/ar\/#logo\"}},{\"@type\":\"WebSite\",\"@id\":\"http:\/\/eltagelzahby.com\/ar\/#website\",\"url\":\"http:\/\/eltagelzahby.com\/ar\/\",\"name\":\"Golden Crown\",\"description\":\"Silver 925\",\"publisher\":{\"@id\":\"http:\/\/eltagelzahby.com\/ar\/#organization\"},\"potentialAction\":[{\"@type\":\"SearchAction\",\"target\":\"http:\/\/eltagelzahby.com\/ar\/?s={search_term_string}\",\"query-input\":\"required name=search_term_string\"}],\"inLanguage\":\"ar\"},{\"@type\":\"WebPage\",\"@id\":\"http:\/\/eltagelzahby.com\/ar\/les-complements-alimentaires-provoquent-ils-des-allergies\/#webpage\",\"url\":\"http:\/\/eltagelzahby.com\/ar\/les-complements-alimentaires-provoquent-ils-des-allergies\/\",\"name\":\"Les compl\\u00e9ments alimentaires provoquent-ils des allergies ? - Golden Crown\",\"isPartOf\":{\"@id\":\"http:\/\/eltagelzahby.com\/ar\/#website\"},\"datePublished\":\"2026-04-24T06:12:57+00:00\",\"dateModified\":\"2026-04-24T06:12:57+00:00\",\"inLanguage\":\"ar\",\"potentialAction\":[{\"@type\":\"ReadAction\",\"target\":[\"http:\/\/eltagelzahby.com\/ar\/les-complements-alimentaires-provoquent-ils-des-allergies\/\"]}]},{\"@type\":\"Article\",\"@id\":\"http:\/\/eltagelzahby.com\/ar\/les-complements-alimentaires-provoquent-ils-des-allergies\/#article\",\"isPartOf\":{\"@id\":\"http:\/\/eltagelzahby.com\/ar\/les-complements-alimentaires-provoquent-ils-des-allergies\/#webpage\"},\"author\":{\"@id\":\"http:\/\/eltagelzahby.com\/ar\/#\/schema\/person\/5bcf973c2d8e3c91c8b4eca1e237aa14\"},\"headline\":\"Les compl\\u00e9ments alimentaires provoquent-ils des allergies ?\",\"datePublished\":\"2026-04-24T06:12:57+00:00\",\"dateModified\":\"2026-04-24T06:12:57+00:00\",\"mainEntityOfPage\":{\"@id\":\"http:\/\/eltagelzahby.com\/ar\/les-complements-alimentaires-provoquent-ils-des-allergies\/#webpage\"},\"publisher\":{\"@id\":\"http:\/\/eltagelzahby.com\/ar\/#organization\"},\"articleSection\":\"Uncategorized\",\"inLanguage\":\"ar\"},{\"@type\":\"Person\",\"@id\":\"http:\/\/eltagelzahby.com\/ar\/#\/schema\/person\/5bcf973c2d8e3c91c8b4eca1e237aa14\",\"name\":\"goldencrown\",\"image\":{\"@type\":\"ImageObject\",\"@id\":\"http:\/\/eltagelzahby.com\/ar\/#personlogo\",\"inLanguage\":\"ar\",\"url\":\"https:\/\/secure.gravatar.com\/avatar\/c46a54f12b22664ccb6fb49f9194d34b4b11dbfdbd6af9bc8ac91cc1d11ac647?s=96&d=mm&r=g\",\"caption\":\"goldencrown\"},\"sameAs\":[\"https:\/\/eltagelzahby.com\"]}]}<\/script>\n<!-- \/ Yoast SEO Premium plugin. -->","jetpack_sharing_enabled":true,"_links":{"self":[{"href":"http:\/\/eltagelzahby.com\/ar\/wp-json\/wp\/v2\/posts\/31466","targetHints":{"allow":["GET"]}}],"collection":[{"href":"http:\/\/eltagelzahby.com\/ar\/wp-json\/wp\/v2\/posts"}],"about":[{"href":"http:\/\/eltagelzahby.com\/ar\/wp-json\/wp\/v2\/types\/post"}],"author":[{"embeddable":true,"href":"http:\/\/eltagelzahby.com\/ar\/wp-json\/wp\/v2\/users\/1"}],"replies":[{"embeddable":true,"href":"http:\/\/eltagelzahby.com\/ar\/wp-json\/wp\/v2\/comments?post=31466"}],"version-history":[{"count":1,"href":"http:\/\/eltagelzahby.com\/ar\/wp-json\/wp\/v2\/posts\/31466\/revisions"}],"predecessor-version":[{"id":31467,"href":"http:\/\/eltagelzahby.com\/ar\/wp-json\/wp\/v2\/posts\/31466\/revisions\/31467"}],"wp:attachment":[{"href":"http:\/\/eltagelzahby.com\/ar\/wp-json\/wp\/v2\/media?parent=31466"}],"wp:term":[{"taxonomy":"category","embeddable":true,"href":"http:\/\/eltagelzahby.com\/ar\/wp-json\/wp\/v2\/categories?post=31466"},{"taxonomy":"post_tag","embeddable":true,"href":"http:\/\/eltagelzahby.com\/ar\/wp-json\/wp\/v2\/tags?post=31466"}],"curies":[{"name":"wp","href":"https:\/\/api.w.org\/{rel}","templated":true}]}}